{"@context":"http:\/\/schema.org","@type":"Article","author":{"@type":"Organization","logo":{"@type":"ImageObject","url":"https:\/\/www.hannover.de\/build\/images\/footer-logo-black.svg"},"name":"Hannover.de"},"dateCreated":"2022-03-06T10:11:31+01:00","dateModified":"2022-03-06T10:11:31+01:00","datePublished":"2022-03-06T10:11:31+01:00","headline":"Gefl\u00fcchtete k\u00f6nnen Zeltd\u00f6rfer in der Messehalle 27 in Hannover beziehen","isAccessibleForFree":true,"publisher":{"@type":"Organization","logo":{"@type":"ImageObject","url":"https:\/\/www.hannover.de\/build\/images\/footer-logo-black.svg"},"name":"Hannover.de"},"mainEntityOfPage":{"@type":"WebPage","@id":"https:\/\/www.hannover.de\/Fl\u00fcchtlinge-in-Stadt-und-Region-Hannover\/Weitere-Informationen\/Gefl\u00fcchtete-k\u00f6nnen-Zeltd\u00f6rfer-in-der-Messehalle-27-in-Hannover-beziehen","breadcrumb":{"@type":"BreadcrumbList","itemListElement":[{"@type":"ListItem","item":{"@type":"WebPage","@id":"https:\/\/www.hannover.de\/Fl\u00fcchtlinge-in-Stadt-und-Region-Hannover","name":"Fl\u00fcchtlinge in Stadt und Region Hannover"},"position":1},{"@type":"ListItem","item":{"@type":"WebPage","@id":"https:\/\/www.hannover.de\/Fl\u00fcchtlinge-in-Stadt-und-Region-Hannover\/Weitere-Informationen","name":"Weitere Informationen"},"position":2},{"@type":"ListItem","item":{"@type":"WebPage","@id":"https:\/\/www.hannover.de\/Fl\u00fcchtlinge-in-Stadt-und-Region-Hannover\/Weitere-Informationen\/Gefl\u00fcchtete-k\u00f6nnen-Zeltd\u00f6rfer-in-der-Messehalle-27-in-Hannover-beziehen","name":"Gefl\u00fcchtete k\u00f6nnen Zeltd\u00f6rfer in der Messehalle 27 in Hannover beziehen"},"position":3}],"itemListOrder":"Ascending","numberOfItems":3},"name":"Gefl\u00fcchtete k\u00f6nnen Zeltd\u00f6rfer in der Messehalle 27 in Hannover beziehen","url":"https:\/\/www.hannover.de\/Fl\u00fcchtlinge-in-Stadt-und-Region-Hannover\/Hannover.de\/Service\/Presse-Medien\/Landeshauptstadt-Hannover\/Meldungsarchiv-f\u00fcr-das-Jahr-2022\/Gefl\u00fcchtete-k\u00f6nnen-Zeltd\u00f6rfer-in-der-Messehalle-27-in-Hannover-beziehen"},"name":"Gefl\u00fcchtete k\u00f6nnen Zeltd\u00f6rfer in der Messehalle 27 in Hannover beziehen","url":"https:\/\/www.hannover.de\/Fl\u00fcchtlinge-in-Stadt-und-Region-Hannover\/Hannover.de\/Service\/Presse-Medien\/Landeshauptstadt-Hannover\/Meldungsarchiv-f\u00fcr-das-Jahr-2022\/Gefl\u00fcchtete-k\u00f6nnen-Zeltd\u00f6rfer-in-der-Messehalle-27-in-Hannover-beziehen"}