{"@context":"http:\/\/schema.org","@type":"WebPage","@id":"https:\/\/www.hannover.de\/Fl\u00fcchtlinge-in-Stadt-und-Region-Hannover\/Media\/01-DATA-Neu\/Bilder\/Landeshauptstadt-Hannover\/Kultur-Freizeit\/M\u00e4rkte\/Impressionen-vom-Wochenmarkt-in-D\u00f6hren","breadcrumb":{"@type":"BreadcrumbList","itemListElement":[{"@type":"ListItem","item":{"@type":"WebPage","@id":"https:\/\/www.hannover.de\/Fl\u00fcchtlinge-in-Stadt-und-Region-Hannover\/Media\/01-DATA-Neu\/Bilder\/Landeshauptstadt-Hannover\/Kultur-Freizeit\/M\u00e4rkte\/Impressionen-vom-Wochenmarkt-in-D\u00f6hren","name":"Impressionen vom Wochenmarkt in D\u00f6hren"},"position":1}],"itemListOrder":"Ascending","numberOfItems":1},"name":"Impressionen vom Wochenmarkt in D\u00f6hren","url":"https:\/\/www.hannover.de\/Fl\u00fcchtlinge-in-Stadt-und-Region-Hannover\/Media\/01-DATA-Neu\/Bilder\/Landeshauptstadt-Hannover\/Kultur-Freizeit\/M\u00e4rkte\/Impressionen-vom-Wochenmarkt-in-D\u00f6hren"}