{"@context":"http:\/\/schema.org","@type":"Article","author":{"@type":"Organization","logo":{"@type":"ImageObject","url":"https:\/\/www.hannover.de\/build\/images\/footer-logo-black.svg"},"name":"Hannover.de"},"dateCreated":"2021-01-19T15:20:33+01:00","dateModified":"2025-05-15T14:03:08+02:00","datePublished":"2021-01-19T15:20:33+01:00","headline":"Das gut ged\u00e4mmte Dach zum Kraftwerk machen","isAccessibleForFree":true,"publisher":{"@type":"Organization","logo":{"@type":"ImageObject","url":"https:\/\/www.hannover.de\/build\/images\/footer-logo-black.svg"},"name":"Hannover.de"},"mainEntityOfPage":{"@type":"WebPage","@id":"https:\/\/www.hannover.de\/Leichte-Sprache\/Nachrichten-und-Veranstaltungen\/Nachrichten\/Region-Hannover-unterst\u00fctzt-Dach\u2219d\u00e4mmungen","breadcrumb":{"@type":"BreadcrumbList","itemListElement":[{"@type":"ListItem","item":{"@type":"WebPage","@id":"https:\/\/www.hannover.de\/Leichte-Sprache","name":"Leichte Sprache"},"position":1},{"@type":"ListItem","item":{"@type":"WebPage","@id":"https:\/\/www.hannover.de\/Leichte-Sprache\/Nachrichten-und-Veranstaltungen","name":"Nachrichten und Veranstaltungen"},"position":2},{"@type":"ListItem","item":{"@type":"WebPage","@id":"https:\/\/www.hannover.de\/Leichte-Sprache\/Nachrichten-und-Veranstaltungen\/Nachrichten","name":"Nachrichten"},"position":3},{"@type":"ListItem","item":{"@type":"WebPage","@id":"https:\/\/www.hannover.de\/Leichte-Sprache\/Nachrichten-und-Veranstaltungen\/Nachrichten\/Region-Hannover-unterst\u00fctzt-Dach\u2219d\u00e4mmungen","name":"Das gut ged\u00e4mmte Dach zum Kraftwerk machen"},"position":4}],"itemListOrder":"Ascending","numberOfItems":4},"name":"Das gut ged\u00e4mmte Dach zum Kraftwerk machen","url":"https:\/\/www.hannover.de\/Leichte-Sprache\/Hannover.de\/Leben-in-der-Region-Hannover\/Verwaltungen-Kommunen\/Die-Verwaltung-der-Region-Hannover\/Pressebereich-Region-Hannover\/Archiv-Pressemitteilungen\/2021\/Region-Hannover-unterst\u00fctzt-Dach\u2219d\u00e4mmungen"},"name":"Das gut ged\u00e4mmte Dach zum Kraftwerk machen","url":"https:\/\/www.hannover.de\/Leichte-Sprache\/Hannover.de\/Leben-in-der-Region-Hannover\/Verwaltungen-Kommunen\/Die-Verwaltung-der-Region-Hannover\/Pressebereich-Region-Hannover\/Archiv-Pressemitteilungen\/2021\/Region-Hannover-unterst\u00fctzt-Dach\u2219d\u00e4mmungen"}