{"@context":"http:\/\/schema.org","@type":"Article","author":{"@type":"Organization","logo":{"@type":"ImageObject","url":"https:\/\/www.hannover.de\/build\/images\/footer-logo-black.svg"},"name":"Hannover.de"},"dateCreated":"2022-12-12T17:12:46+01:00","dateModified":"2025-02-13T13:42:44+01:00","datePublished":"2022-12-12T17:12:46+01:00","headline":"Stromausfall & Blackout: Hilfe f\u00fcr Menschen mit Beeintr\u00e4chtigungen","isAccessibleForFree":true,"keywords":"Notstrom, Notstrom f\u00fcr Kranke, Notstrom f\u00fcr Dialyseger\u00e4t, Notstrom f\u00fcr Beatmungsger\u00e4t","publisher":{"@type":"Organization","logo":{"@type":"ImageObject","url":"https:\/\/www.hannover.de\/build\/images\/footer-logo-black.svg"},"name":"Hannover.de"},"mainEntityOfPage":{"@type":"WebPage","@id":"https:\/\/www.hannover.de\/Leichte-Sprache\/Nachrichten-und-Veranstaltungen\/Nachrichten\/Strom\u2219ausfall-Hilfe-f\u00fcr-Menschen-mit-Behinderung","breadcrumb":{"@type":"BreadcrumbList","itemListElement":[{"@type":"ListItem","item":{"@type":"WebPage","@id":"https:\/\/www.hannover.de\/Leichte-Sprache","name":"Leichte Sprache"},"position":1},{"@type":"ListItem","item":{"@type":"WebPage","@id":"https:\/\/www.hannover.de\/Leichte-Sprache\/Nachrichten-und-Veranstaltungen","name":"Nachrichten und Veranstaltungen"},"position":2},{"@type":"ListItem","item":{"@type":"WebPage","@id":"https:\/\/www.hannover.de\/Leichte-Sprache\/Nachrichten-und-Veranstaltungen\/Nachrichten","name":"Nachrichten"},"position":3},{"@type":"ListItem","item":{"@type":"WebPage","@id":"https:\/\/www.hannover.de\/Leichte-Sprache\/Nachrichten-und-Veranstaltungen\/Nachrichten\/Strom\u2219ausfall-Hilfe-f\u00fcr-Menschen-mit-Behinderung","name":"Hilfe bei einem Blackout"},"position":4}],"itemListOrder":"Ascending","numberOfItems":4},"name":"Stromausfall & Blackout: Hilfe f\u00fcr Menschen mit Beeintr\u00e4chtigungen","url":"https:\/\/www.hannover.de\/Leichte-Sprache\/Hannover.de\/Leben-in-der-Region-Hannover\/Verwaltungen-Kommunen\/Die-Verwaltung-der-Region-Hannover\/Die-Verwaltung-von-der-Region-Hannover\/Dezernate-und-Fachbereiche-der-Region-Hannover\/Dezernat-Soziales,-Teilhabe,-Familie-und-Jugend\/Sylvia-Thiel-Beauftragte-f\u00fcr-Menschen-mit-Behinderung-von-der-Region-Hannover\/Strom\u2219ausfall-Hilfe-f\u00fcr-Menschen-mit-Behinderung"},"name":"Stromausfall & Blackout: Hilfe f\u00fcr Menschen mit Beeintr\u00e4chtigungen","url":"https:\/\/www.hannover.de\/Leichte-Sprache\/Hannover.de\/Leben-in-der-Region-Hannover\/Verwaltungen-Kommunen\/Die-Verwaltung-der-Region-Hannover\/Die-Verwaltung-von-der-Region-Hannover\/Dezernate-und-Fachbereiche-der-Region-Hannover\/Dezernat-Soziales,-Teilhabe,-Familie-und-Jugend\/Sylvia-Thiel-Beauftragte-f\u00fcr-Menschen-mit-Behinderung-von-der-Region-Hannover\/Strom\u2219ausfall-Hilfe-f\u00fcr-Menschen-mit-Behinderung"}