{"@context":"http:\/\/schema.org","@type":"Article","author":{"@type":"Organization","logo":{"@type":"ImageObject","url":"https:\/\/www.hannover.de\/build\/images\/footer-logo-black.svg"},"name":"Hannover.de"},"dateCreated":"2020-05-08T08:11:42+02:00","dateModified":"2022-06-16T17:55:41+02:00","datePublished":"2020-05-08T08:11:42+02:00","headline":"Informationen der Sozialp\u00e4diatrie","isAccessibleForFree":true,"publisher":{"@type":"Organization","logo":{"@type":"ImageObject","url":"https:\/\/www.hannover.de\/build\/images\/footer-logo-black.svg"},"name":"Hannover.de"},"mainEntityOfPage":{"@type":"WebPage","@id":"https:\/\/www.hannover.de\/Leben-in-der-Region-Hannover\/Verwaltungen-Kommunen\/Die-Verwaltung-der-Region-Hannover\/Stellt-sich-vor\/Dezernate-und-Fachbereiche-der-Region-Hannover\/Dezernat-Soziales,-Teilhabe,-Familie-und-Jugend\/Fachbereich-Jugend\/Team-Tagesbetreuung-f\u00fcr-Kinder\/Sprachf\u00f6rderung-und-Projektf\u00f6rderung-in-Kitas\/Sprachstandsmonitoring-im-Jahr-vor-der-Einschulung\/Monitoringverfahren\/3.-Entwicklungsgespr\u00e4che\/Informationen-der-Sozialp\u00e4diatrie","breadcrumb":{"@type":"BreadcrumbList","itemListElement":[{"@type":"ListItem","item":{"@type":"WebPage","@id":"https:\/\/www.hannover.de\/","name":"Hannover.de"},"position":1},{"@type":"ListItem","item":{"@type":"WebPage","@id":"https:\/\/www.hannover.de\/Leben-in-der-Region-Hannover","name":"Leben in der Region Hannover"},"position":2},{"@type":"ListItem","item":{"@type":"WebPage","@id":"https:\/\/www.hannover.de\/Leben-in-der-Region-Hannover\/Verwaltungen-Kommunen","name":"Verwaltungen & Kommunen"},"position":3},{"@type":"ListItem","item":{"@type":"WebPage","@id":"https:\/\/www.hannover.de\/Leben-in-der-Region-Hannover\/Verwaltungen-Kommunen\/Die-Verwaltung-der-Region-Hannover","name":"Die Verwaltung der Region Hannover"},"position":4},{"@type":"ListItem","item":{"@type":"WebPage","@id":"https:\/\/www.hannover.de\/Leben-in-der-Region-Hannover\/Verwaltungen-Kommunen\/Die-Verwaltung-der-Region-Hannover\/Stellt-sich-vor","name":"Stellt sich vor"},"position":5},{"@type":"ListItem","item":{"@type":"WebPage","@id":"https:\/\/www.hannover.de\/Leben-in-der-Region-Hannover\/Verwaltungen-Kommunen\/Die-Verwaltung-der-Region-Hannover\/Stellt-sich-vor\/Dezernate-und-Fachbereiche-der-Region-Hannover","name":"Dezernate und Fachbereiche der Region Hannover"},"position":6},{"@type":"ListItem","item":{"@type":"WebPage","@id":"https:\/\/www.hannover.de\/Leben-in-der-Region-Hannover\/Verwaltungen-Kommunen\/Die-Verwaltung-der-Region-Hannover\/Stellt-sich-vor\/Dezernate-und-Fachbereiche-der-Region-Hannover\/Dezernat-Soziales,-Teilhabe,-Familie-und-Jugend","name":"Dezernat Soziales, Teilhabe, Familie und Jugend"},"position":7},{"@type":"ListItem","item":{"@type":"WebPage","@id":"https:\/\/www.hannover.de\/Leben-in-der-Region-Hannover\/Verwaltungen-Kommunen\/Die-Verwaltung-der-Region-Hannover\/Stellt-sich-vor\/Dezernate-und-Fachbereiche-der-Region-Hannover\/Dezernat-Soziales,-Teilhabe,-Familie-und-Jugend\/Fachbereich-Jugend","name":"Fachbereich Jugend"},"position":8},{"@type":"ListItem","item":{"@type":"WebPage","@id":"https:\/\/www.hannover.de\/Leben-in-der-Region-Hannover\/Verwaltungen-Kommunen\/Die-Verwaltung-der-Region-Hannover\/Stellt-sich-vor\/Dezernate-und-Fachbereiche-der-Region-Hannover\/Dezernat-Soziales,-Teilhabe,-Familie-und-Jugend\/Fachbereich-Jugend\/Team-Tagesbetreuung-f\u00fcr-Kinder","name":"Team Tagesbetreuung f\u00fcr Kinder"},"position":9},{"@type":"ListItem","item":{"@type":"WebPage","@id":"https:\/\/www.hannover.de\/Leben-in-der-Region-Hannover\/Verwaltungen-Kommunen\/Die-Verwaltung-der-Region-Hannover\/Stellt-sich-vor\/Dezernate-und-Fachbereiche-der-Region-Hannover\/Dezernat-Soziales,-Teilhabe,-Familie-und-Jugend\/Fachbereich-Jugend\/Team-Tagesbetreuung-f\u00fcr-Kinder\/Sprachf\u00f6rderung-und-Projektf\u00f6rderung-in-Kitas","name":"Sprachf\u00f6rderung und Projektf\u00f6rderung in Kitas"},"position":10},{"@type":"ListItem","item":{"@type":"WebPage","@id":"https:\/\/www.hannover.de\/Leben-in-der-Region-Hannover\/Verwaltungen-Kommunen\/Die-Verwaltung-der-Region-Hannover\/Stellt-sich-vor\/Dezernate-und-Fachbereiche-der-Region-Hannover\/Dezernat-Soziales,-Teilhabe,-Familie-und-Jugend\/Fachbereich-Jugend\/Team-Tagesbetreuung-f\u00fcr-Kinder\/Sprachf\u00f6rderung-und-Projektf\u00f6rderung-in-Kitas\/Sprachstandsmonitoring-im-Jahr-vor-der-Einschulung","name":"Sprachstandsmonitoring im Jahr vor der Einschulung"},"position":11},{"@type":"ListItem","item":{"@type":"WebPage","@id":"https:\/\/www.hannover.de\/Leben-in-der-Region-Hannover\/Verwaltungen-Kommunen\/Die-Verwaltung-der-Region-Hannover\/Stellt-sich-vor\/Dezernate-und-Fachbereiche-der-Region-Hannover\/Dezernat-Soziales,-Teilhabe,-Familie-und-Jugend\/Fachbereich-Jugend\/Team-Tagesbetreuung-f\u00fcr-Kinder\/Sprachf\u00f6rderung-und-Projektf\u00f6rderung-in-Kitas\/Sprachstandsmonitoring-im-Jahr-vor-der-Einschulung\/Monitoringverfahren","name":"Monitoringverfahren"},"position":12},{"@type":"ListItem","item":{"@type":"WebPage","@id":"https:\/\/www.hannover.de\/Leben-in-der-Region-Hannover\/Verwaltungen-Kommunen\/Die-Verwaltung-der-Region-Hannover\/Stellt-sich-vor\/Dezernate-und-Fachbereiche-der-Region-Hannover\/Dezernat-Soziales,-Teilhabe,-Familie-und-Jugend\/Fachbereich-Jugend\/Team-Tagesbetreuung-f\u00fcr-Kinder\/Sprachf\u00f6rderung-und-Projektf\u00f6rderung-in-Kitas\/Sprachstandsmonitoring-im-Jahr-vor-der-Einschulung\/Monitoringverfahren\/3.-Entwicklungsgespr\u00e4che","name":"3. Entwicklungsgespr\u00e4che"},"position":13},{"@type":"ListItem","item":{"@type":"WebPage","@id":"https:\/\/www.hannover.de\/Leben-in-der-Region-Hannover\/Verwaltungen-Kommunen\/Die-Verwaltung-der-Region-Hannover\/Stellt-sich-vor\/Dezernate-und-Fachbereiche-der-Region-Hannover\/Dezernat-Soziales,-Teilhabe,-Familie-und-Jugend\/Fachbereich-Jugend\/Team-Tagesbetreuung-f\u00fcr-Kinder\/Sprachf\u00f6rderung-und-Projektf\u00f6rderung-in-Kitas\/Sprachstandsmonitoring-im-Jahr-vor-der-Einschulung\/Monitoringverfahren\/3.-Entwicklungsgespr\u00e4che\/Informationen-der-Sozialp\u00e4diatrie","name":"Informationen der Sozialp\u00e4diatrie"},"position":14}],"itemListOrder":"Ascending","numberOfItems":14},"name":"Informationen der Sozialp\u00e4diatrie","url":"https:\/\/www.hannover.de\/Leben-in-der-Region-Hannover\/Verwaltungen-Kommunen\/Die-Verwaltung-der-Region-Hannover\/Stellt-sich-vor\/Dezernate-und-Fachbereiche-der-Region-Hannover\/Dezernat-Soziales,-Teilhabe,-Familie-und-Jugend\/Fachbereich-Jugend\/Team-Tagesbetreuung-f\u00fcr-Kinder\/Sprachf\u00f6rderung-und-Projektf\u00f6rderung-in-Kitas\/Sprachstandsmonitoring-im-Jahr-vor-der-Einschulung\/Monitoringverfahren\/3.-Entwicklungsgespr\u00e4che\/Informationen-der-Sozialp\u00e4diatrie"},"name":"Informationen der Sozialp\u00e4diatrie","url":"https:\/\/www.hannover.de\/Leben-in-der-Region-Hannover\/Verwaltungen-Kommunen\/Die-Verwaltung-der-Region-Hannover\/Stellt-sich-vor\/Dezernate-und-Fachbereiche-der-Region-Hannover\/Dezernat-Soziales,-Teilhabe,-Familie-und-Jugend\/Fachbereich-Jugend\/Team-Tagesbetreuung-f\u00fcr-Kinder\/Sprachf\u00f6rderung-und-Projektf\u00f6rderung-in-Kitas\/Sprachstandsmonitoring-im-Jahr-vor-der-Einschulung\/Monitoringverfahren\/3.-Entwicklungsgespr\u00e4che\/Informationen-der-Sozialp\u00e4diatrie"}