{"@context":"http:\/\/schema.org","@type":"Article","author":{"@type":"Organization","logo":{"@type":"ImageObject","url":"https:\/\/www.hannover.de\/build\/images\/footer-logo-black.svg"},"name":"Hannover.de"},"dateCreated":"2021-03-10T15:26:44+01:00","dateModified":"2021-03-10T15:26:44+01:00","datePublished":"2021-03-10T15:26:44+01:00","headline":"Ein Schwerverletzter bei Brand in einem Pflegeheim f\u00fcr Senioren in der S\u00fcdstadt","isAccessibleForFree":true,"publisher":{"@type":"Organization","logo":{"@type":"ImageObject","url":"https:\/\/www.hannover.de\/build\/images\/footer-logo-black.svg"},"name":"Hannover.de"},"mainEntityOfPage":{"@type":"WebPage","@id":"https:\/\/www.hannover.de\/Leben-in-der-Region-Hannover\/Sicherheit-Ordnung\/Feuerwehr-Hannover\/Presse-und-\u00d6ffentlichkeitsarbeit\/Pressemitteilungen\/M\u00e4rz-2021\/Ein-Schwerverletzter-bei-Brand-in-einem-Pflegeheim-f\u00fcr-Senioren-in-der-S\u00fcdstadt","breadcrumb":{"@type":"BreadcrumbList","itemListElement":[{"@type":"ListItem","item":{"@type":"WebPage","@id":"https:\/\/www.hannover.de\/","name":"Hannover.de"},"position":1},{"@type":"ListItem","item":{"@type":"WebPage","@id":"https:\/\/www.hannover.de\/Leben-in-der-Region-Hannover","name":"Leben in der Region Hannover"},"position":2},{"@type":"ListItem","item":{"@type":"WebPage","@id":"https:\/\/www.hannover.de\/Leben-in-der-Region-Hannover\/Sicherheit-Ordnung","name":"Sicherheit & Ordnung"},"position":3},{"@type":"ListItem","item":{"@type":"WebPage","@id":"https:\/\/www.hannover.de\/Leben-in-der-Region-Hannover\/Sicherheit-Ordnung\/Feuerwehr-Hannover","name":"Feuerwehr Hannover"},"position":4},{"@type":"ListItem","item":{"@type":"WebPage","@id":"https:\/\/www.hannover.de\/Leben-in-der-Region-Hannover\/Sicherheit-Ordnung\/Feuerwehr-Hannover\/Presse-und-\u00d6ffentlichkeitsarbeit","name":"Presse- und \u00d6ffentlichkeitsarbeit"},"position":5},{"@type":"ListItem","item":{"@type":"WebPage","@id":"https:\/\/www.hannover.de\/Leben-in-der-Region-Hannover\/Sicherheit-Ordnung\/Feuerwehr-Hannover\/Presse-und-\u00d6ffentlichkeitsarbeit\/Pressemitteilungen","name":"Pressemitteilungen"},"position":6},{"@type":"ListItem","item":{"@type":"WebPage","@id":"https:\/\/www.hannover.de\/Leben-in-der-Region-Hannover\/Sicherheit-Ordnung\/Feuerwehr-Hannover\/Presse-und-\u00d6ffentlichkeitsarbeit\/Pressemitteilungen\/M\u00e4rz-2021","name":"M\u00e4rz 2021"},"position":7},{"@type":"ListItem","item":{"@type":"WebPage","@id":"https:\/\/www.hannover.de\/Leben-in-der-Region-Hannover\/Sicherheit-Ordnung\/Feuerwehr-Hannover\/Presse-und-\u00d6ffentlichkeitsarbeit\/Pressemitteilungen\/M\u00e4rz-2021\/Ein-Schwerverletzter-bei-Brand-in-einem-Pflegeheim-f\u00fcr-Senioren-in-der-S\u00fcdstadt","name":"Ein Schwerverletzter bei Brand in einem Pflegeheim f\u00fcr Senioren in der S\u00fcdstadt"},"position":8}],"itemListOrder":"Ascending","numberOfItems":8},"name":"Ein Schwerverletzter bei Brand in einem Pflegeheim f\u00fcr Senioren in der S\u00fcdstadt","url":"https:\/\/www.hannover.de\/Leben-in-der-Region-Hannover\/Sicherheit-Ordnung\/Feuerwehr-Hannover\/Presse-und-\u00d6ffentlichkeitsarbeit\/Pressemitteilungen\/M\u00e4rz-2021\/Ein-Schwerverletzter-bei-Brand-in-einem-Pflegeheim-f\u00fcr-Senioren-in-der-S\u00fcdstadt"},"name":"Ein Schwerverletzter bei Brand in einem Pflegeheim f\u00fcr Senioren in der S\u00fcdstadt","url":"https:\/\/www.hannover.de\/Leben-in-der-Region-Hannover\/Sicherheit-Ordnung\/Feuerwehr-Hannover\/Presse-und-\u00d6ffentlichkeitsarbeit\/Pressemitteilungen\/M\u00e4rz-2021\/Ein-Schwerverletzter-bei-Brand-in-einem-Pflegeheim-f\u00fcr-Senioren-in-der-S\u00fcdstadt"}