{"@context":"http:\/\/schema.org","@type":"Article","author":{"@type":"Organization","logo":{"@type":"ImageObject","url":"https:\/\/www.hannover.de\/build\/images\/footer-logo-black.svg"},"name":"Hannover.de"},"dateCreated":"2021-03-19T10:09:55+01:00","dateModified":"2022-03-03T14:53:11+01:00","datePublished":"2021-03-19T10:09:55+01:00","headline":"Kranzniederlegung in der Gedenkst\u00e4tte Ahlem","isAccessibleForFree":true,"publisher":{"@type":"Organization","logo":{"@type":"ImageObject","url":"https:\/\/www.hannover.de\/build\/images\/footer-logo-black.svg"},"name":"Hannover.de"},"mainEntityOfPage":{"@type":"WebPage","@id":"https:\/\/www.hannover.de\/Leben-in-der-Region-Hannover\/Verwaltungen-Kommunen\/Die-Verwaltung-der-Region-Hannover\/Pressebereich-Region-Hannover\/Archiv-Pressemitteilungen\/2022\/Kranzniederlegung-in-der-Gedenkst\u00e4tte-Ahlem","breadcrumb":{"@type":"BreadcrumbList","itemListElement":[{"@type":"ListItem","item":{"@type":"WebPage","@id":"https:\/\/www.hannover.de\/","name":"Hannover.de"},"position":1},{"@type":"ListItem","item":{"@type":"WebPage","@id":"https:\/\/www.hannover.de\/Leben-in-der-Region-Hannover","name":"Leben in der Region Hannover"},"position":2},{"@type":"ListItem","item":{"@type":"WebPage","@id":"https:\/\/www.hannover.de\/Leben-in-der-Region-Hannover\/Verwaltungen-Kommunen","name":"Verwaltungen & Kommunen"},"position":3},{"@type":"ListItem","item":{"@type":"WebPage","@id":"https:\/\/www.hannover.de\/Leben-in-der-Region-Hannover\/Verwaltungen-Kommunen\/Die-Verwaltung-der-Region-Hannover","name":"Die Verwaltung der Region Hannover"},"position":4},{"@type":"ListItem","item":{"@type":"WebPage","@id":"https:\/\/www.hannover.de\/Leben-in-der-Region-Hannover\/Verwaltungen-Kommunen\/Die-Verwaltung-der-Region-Hannover\/Pressebereich-Region-Hannover","name":"Pressebereich Region Hannover"},"position":5},{"@type":"ListItem","item":{"@type":"WebPage","@id":"https:\/\/www.hannover.de\/Leben-in-der-Region-Hannover\/Verwaltungen-Kommunen\/Die-Verwaltung-der-Region-Hannover\/Pressebereich-Region-Hannover\/Archiv-Pressemitteilungen","name":"Archiv Pressemitteilungen"},"position":6},{"@type":"ListItem","item":{"@type":"WebPage","@id":"https:\/\/www.hannover.de\/Leben-in-der-Region-Hannover\/Verwaltungen-Kommunen\/Die-Verwaltung-der-Region-Hannover\/Pressebereich-Region-Hannover\/Archiv-Pressemitteilungen\/2022","name":"2022"},"position":7},{"@type":"ListItem","item":{"@type":"WebPage","@id":"https:\/\/www.hannover.de\/Leben-in-der-Region-Hannover\/Verwaltungen-Kommunen\/Die-Verwaltung-der-Region-Hannover\/Pressebereich-Region-Hannover\/Archiv-Pressemitteilungen\/2022\/Kranzniederlegung-in-der-Gedenkst\u00e4tte-Ahlem","name":"Kranzniederlegung in der Gedenkst\u00e4tte Ahlem"},"position":8}],"itemListOrder":"Ascending","numberOfItems":8},"name":"Kranzniederlegung in der Gedenkst\u00e4tte Ahlem","url":"https:\/\/www.hannover.de\/Leben-in-der-Region-Hannover\/Verwaltungen-Kommunen\/Die-Verwaltung-der-Region-Hannover\/Pressebereich-Region-Hannover\/Archiv-Pressemitteilungen\/2022\/Kranzniederlegung-in-der-Gedenkst\u00e4tte-Ahlem"},"name":"Kranzniederlegung in der Gedenkst\u00e4tte Ahlem","url":"https:\/\/www.hannover.de\/Leben-in-der-Region-Hannover\/Verwaltungen-Kommunen\/Die-Verwaltung-der-Region-Hannover\/Pressebereich-Region-Hannover\/Archiv-Pressemitteilungen\/2022\/Kranzniederlegung-in-der-Gedenkst\u00e4tte-Ahlem"}