{"@context":"http:\/\/schema.org","@type":"Article","author":{"@type":"Organization","logo":{"@type":"ImageObject","url":"https:\/\/www.hannover.de\/build\/images\/footer-logo-black.svg"},"name":"Hannover.de"},"dateCreated":"2022-02-01T15:42:46+01:00","dateModified":"2022-02-01T15:42:46+01:00","datePublished":"2022-02-01T15:42:46+01:00","headline":"Pr\u00e4sident Krach er\u00f6ffnet neue Intensivstation des Klinikums Nordstadt","isAccessibleForFree":true,"publisher":{"@type":"Organization","logo":{"@type":"ImageObject","url":"https:\/\/www.hannover.de\/build\/images\/footer-logo-black.svg"},"name":"Hannover.de"},"mainEntityOfPage":{"@type":"WebPage","@id":"https:\/\/www.hannover.de\/Leben-in-der-Region-Hannover\/Verwaltungen-Kommunen\/Die-Verwaltung-der-Region-Hannover\/Pressebereich-Region-Hannover\/Archiv-Pressemitteilungen\/2022\/Pr\u00e4sident-Krach-er\u00f6ffnet-neue-Intensivstation-des-Klinikums-Nordstadt","breadcrumb":{"@type":"BreadcrumbList","itemListElement":[{"@type":"ListItem","item":{"@type":"WebPage","@id":"https:\/\/www.hannover.de\/","name":"Hannover.de"},"position":1},{"@type":"ListItem","item":{"@type":"WebPage","@id":"https:\/\/www.hannover.de\/Leben-in-der-Region-Hannover","name":"Leben in der Region Hannover"},"position":2},{"@type":"ListItem","item":{"@type":"WebPage","@id":"https:\/\/www.hannover.de\/Leben-in-der-Region-Hannover\/Verwaltungen-Kommunen","name":"Verwaltungen & Kommunen"},"position":3},{"@type":"ListItem","item":{"@type":"WebPage","@id":"https:\/\/www.hannover.de\/Leben-in-der-Region-Hannover\/Verwaltungen-Kommunen\/Die-Verwaltung-der-Region-Hannover","name":"Die Verwaltung der Region Hannover"},"position":4},{"@type":"ListItem","item":{"@type":"WebPage","@id":"https:\/\/www.hannover.de\/Leben-in-der-Region-Hannover\/Verwaltungen-Kommunen\/Die-Verwaltung-der-Region-Hannover\/Pressebereich-Region-Hannover","name":"Pressebereich Region Hannover"},"position":5},{"@type":"ListItem","item":{"@type":"WebPage","@id":"https:\/\/www.hannover.de\/Leben-in-der-Region-Hannover\/Verwaltungen-Kommunen\/Die-Verwaltung-der-Region-Hannover\/Pressebereich-Region-Hannover\/Archiv-Pressemitteilungen","name":"Archiv Pressemitteilungen"},"position":6},{"@type":"ListItem","item":{"@type":"WebPage","@id":"https:\/\/www.hannover.de\/Leben-in-der-Region-Hannover\/Verwaltungen-Kommunen\/Die-Verwaltung-der-Region-Hannover\/Pressebereich-Region-Hannover\/Archiv-Pressemitteilungen\/2022","name":"2022"},"position":7},{"@type":"ListItem","item":{"@type":"WebPage","@id":"https:\/\/www.hannover.de\/Leben-in-der-Region-Hannover\/Verwaltungen-Kommunen\/Die-Verwaltung-der-Region-Hannover\/Pressebereich-Region-Hannover\/Archiv-Pressemitteilungen\/2022\/Pr\u00e4sident-Krach-er\u00f6ffnet-neue-Intensivstation-des-Klinikums-Nordstadt","name":"Pr\u00e4sident Krach er\u00f6ffnet neue Intensivstation des Klinikums Nordstadt"},"position":8}],"itemListOrder":"Ascending","numberOfItems":8},"name":"Pr\u00e4sident Krach er\u00f6ffnet neue Intensivstation des Klinikums Nordstadt","url":"https:\/\/www.hannover.de\/Leben-in-der-Region-Hannover\/Verwaltungen-Kommunen\/Die-Verwaltung-der-Region-Hannover\/Pressebereich-Region-Hannover\/Archiv-Pressemitteilungen\/2022\/Pr\u00e4sident-Krach-er\u00f6ffnet-neue-Intensivstation-des-Klinikums-Nordstadt"},"name":"Pr\u00e4sident Krach er\u00f6ffnet neue Intensivstation des Klinikums Nordstadt","url":"https:\/\/www.hannover.de\/Leben-in-der-Region-Hannover\/Verwaltungen-Kommunen\/Die-Verwaltung-der-Region-Hannover\/Pressebereich-Region-Hannover\/Archiv-Pressemitteilungen\/2022\/Pr\u00e4sident-Krach-er\u00f6ffnet-neue-Intensivstation-des-Klinikums-Nordstadt"}