{"@context":"http:\/\/schema.org","@type":"Article","author":{"@type":"Organization","logo":{"@type":"ImageObject","url":"https:\/\/www.hannover.de\/build\/images\/footer-logo-black.svg"},"name":"Hannover.de"},"dateCreated":"2025-03-28T12:22:45+01:00","dateModified":"2025-03-28T12:22:45+01:00","datePublished":"2025-03-28T12:22:45+01:00","headline":"Gro\u00dfprojekt f\u00fcr die Moore und ein gutes Klima","isAccessibleForFree":true,"publisher":{"@type":"Organization","logo":{"@type":"ImageObject","url":"https:\/\/www.hannover.de\/build\/images\/footer-logo-black.svg"},"name":"Hannover.de"},"mainEntityOfPage":{"@type":"WebPage","@id":"https:\/\/www.hannover.de\/Leben-in-der-Region-Hannover\/Verwaltungen-Kommunen\/Die-Verwaltung-der-Region-Hannover\/Pressebereich-Region-Hannover\/Archiv-Pressemitteilungen\/2025\/Gro\u00dfprojekt-f\u00fcr-die-Moore-und-ein-gutes-Klima","breadcrumb":{"@type":"BreadcrumbList","itemListElement":[{"@type":"ListItem","item":{"@type":"WebPage","@id":"https:\/\/www.hannover.de\/","name":"Hannover.de"},"position":1},{"@type":"ListItem","item":{"@type":"WebPage","@id":"https:\/\/www.hannover.de\/Leben-in-der-Region-Hannover","name":"Leben in der Region Hannover"},"position":2},{"@type":"ListItem","item":{"@type":"WebPage","@id":"https:\/\/www.hannover.de\/Leben-in-der-Region-Hannover\/Verwaltungen-Kommunen","name":"Verwaltungen & Kommunen"},"position":3},{"@type":"ListItem","item":{"@type":"WebPage","@id":"https:\/\/www.hannover.de\/Leben-in-der-Region-Hannover\/Verwaltungen-Kommunen\/Die-Verwaltung-der-Region-Hannover","name":"Die Verwaltung der Region Hannover"},"position":4},{"@type":"ListItem","item":{"@type":"WebPage","@id":"https:\/\/www.hannover.de\/Leben-in-der-Region-Hannover\/Verwaltungen-Kommunen\/Die-Verwaltung-der-Region-Hannover\/Pressebereich-Region-Hannover","name":"Pressebereich Region Hannover"},"position":5},{"@type":"ListItem","item":{"@type":"WebPage","@id":"https:\/\/www.hannover.de\/Leben-in-der-Region-Hannover\/Verwaltungen-Kommunen\/Die-Verwaltung-der-Region-Hannover\/Pressebereich-Region-Hannover\/Archiv-Pressemitteilungen","name":"Archiv Pressemitteilungen"},"position":6},{"@type":"ListItem","item":{"@type":"WebPage","@id":"https:\/\/www.hannover.de\/Leben-in-der-Region-Hannover\/Verwaltungen-Kommunen\/Die-Verwaltung-der-Region-Hannover\/Pressebereich-Region-Hannover\/Archiv-Pressemitteilungen\/2025","name":"2025"},"position":7},{"@type":"ListItem","item":{"@type":"WebPage","@id":"https:\/\/www.hannover.de\/Leben-in-der-Region-Hannover\/Verwaltungen-Kommunen\/Die-Verwaltung-der-Region-Hannover\/Pressebereich-Region-Hannover\/Archiv-Pressemitteilungen\/2025\/Gro\u00dfprojekt-f\u00fcr-die-Moore-und-ein-gutes-Klima","name":"Gro\u00dfprojekt f\u00fcr die Moore und ein gutes Klima"},"position":8}],"itemListOrder":"Ascending","numberOfItems":8},"name":"Gro\u00dfprojekt f\u00fcr die Moore und ein gutes Klima","url":"https:\/\/www.hannover.de\/Leben-in-der-Region-Hannover\/Verwaltungen-Kommunen\/Die-Verwaltung-der-Region-Hannover\/Pressebereich-Region-Hannover\/Archiv-Pressemitteilungen\/2025\/Gro\u00dfprojekt-f\u00fcr-die-Moore-und-ein-gutes-Klima"},"name":"Gro\u00dfprojekt f\u00fcr die Moore und ein gutes Klima","url":"https:\/\/www.hannover.de\/Leben-in-der-Region-Hannover\/Verwaltungen-Kommunen\/Die-Verwaltung-der-Region-Hannover\/Pressebereich-Region-Hannover\/Archiv-Pressemitteilungen\/2025\/Gro\u00dfprojekt-f\u00fcr-die-Moore-und-ein-gutes-Klima"}