{"@context":"http:\/\/schema.org","@type":"WebPage","@id":"https:\/\/www.hannover.de\/Media\/01-DATA-Neu\/Bilder\/Landeshauptstadt-Hannover\/Politik\/Mayors-for-Peace\/Flaggentag-2025\/Schw\u00e4bisch-Gm\u00fcnd","breadcrumb":{"@type":"BreadcrumbList","itemListElement":[{"@type":"ListItem","item":{"@type":"WebPage","@id":"https:\/\/www.hannover.de\/Media\/01-DATA-Neu\/Bilder\/Landeshauptstadt-Hannover\/Politik\/Mayors-for-Peace\/Flaggentag-2025\/Schw\u00e4bisch-Gm\u00fcnd","name":"Schw\u00e4bisch Gm\u00fcnd"},"position":1}],"itemListOrder":"Ascending","numberOfItems":1},"image":"https:\/\/www.hannover.de\/var\/storage\/images\/_aliases\/small\/9\/5\/5\/9\/29439559-1-ger-DE\/d719dae78f38-Schwaebisch-Gmuend_Flaggentag-Rathaus.JPEG","name":"Schw\u00e4bisch Gm\u00fcnd","url":"https:\/\/www.hannover.de\/Media\/01-DATA-Neu\/Bilder\/Landeshauptstadt-Hannover\/Politik\/Mayors-for-Peace\/Flaggentag-2025\/Schw\u00e4bisch-Gm\u00fcnd"}