{"@context":"http:\/\/schema.org","@type":"Article","author":{"@type":"Organization","logo":{"@type":"ImageObject","url":"https:\/\/www.hannover.de\/build\/images\/footer-logo-black.svg"},"name":"Hannover.de"},"dateCreated":"2025-10-02T13:27:05+02:00","dateModified":"2025-10-02T13:33:18+02:00","datePublished":"2025-10-02T13:27:05+02:00","headline":"Julius Schien erh\u00e4lt den VGH-Fotopreis 2025","isAccessibleForFree":true,"keywords":"Fotoprojekt 2025 rechte Gewalt in Deutschland, Preisverleihung Hannover 2025, Fotopreis 2025 Hannover","publisher":{"@type":"Organization","logo":{"@type":"ImageObject","url":"https:\/\/www.hannover.de\/build\/images\/footer-logo-black.svg"},"name":"Hannover.de"},"mainEntityOfPage":{"@type":"WebPage","@id":"https:\/\/www.hannover.de\/Kultur-Freizeit\/Museen-Ausstellungen\/Museumsf\u00fchrer\/Meldungen\/Neues-von-den-hannoverschen-Museen\/Julius-Schien-erh\u00e4lt-den-VGH-Fotopreis-2025","breadcrumb":{"@type":"BreadcrumbList","itemListElement":[{"@type":"ListItem","item":{"@type":"WebPage","@id":"https:\/\/www.hannover.de\/","name":"Hannover.de"},"position":1},{"@type":"ListItem","item":{"@type":"WebPage","@id":"https:\/\/www.hannover.de\/Kultur-Freizeit","name":"Kultur & Freizeit"},"position":2},{"@type":"ListItem","item":{"@type":"WebPage","@id":"https:\/\/www.hannover.de\/Kultur-Freizeit\/Museen-Ausstellungen","name":"Museen & Ausstellungen"},"position":3},{"@type":"ListItem","item":{"@type":"WebPage","@id":"https:\/\/www.hannover.de\/Kultur-Freizeit\/Museen-Ausstellungen\/Museumsf\u00fchrer","name":"Museumsf\u00fchrer"},"position":4},{"@type":"ListItem","item":{"@type":"WebPage","@id":"https:\/\/www.hannover.de\/Kultur-Freizeit\/Museen-Ausstellungen\/Museumsf\u00fchrer\/Meldungen","name":"Meldungen"},"position":5},{"@type":"ListItem","item":{"@type":"WebPage","@id":"https:\/\/www.hannover.de\/Kultur-Freizeit\/Museen-Ausstellungen\/Museumsf\u00fchrer\/Meldungen\/Neues-von-den-hannoverschen-Museen","name":"Neues von den hannoverschen Museen"},"position":6},{"@type":"ListItem","item":{"@type":"WebPage","@id":"https:\/\/www.hannover.de\/Kultur-Freizeit\/Museen-Ausstellungen\/Museumsf\u00fchrer\/Meldungen\/Neues-von-den-hannoverschen-Museen\/Julius-Schien-erh\u00e4lt-den-VGH-Fotopreis-2025","name":"Julius Schien erh\u00e4lt den VGH-Fotopreis 2025"},"position":7}],"itemListOrder":"Ascending","numberOfItems":7},"name":"Julius Schien erh\u00e4lt den VGH-Fotopreis 2025","url":"https:\/\/www.hannover.de\/Service\/Presse-Medien\/Hannover.de\/Aktuelles\/Kultur-Freizeit-2025\/Julius-Schien-erh\u00e4lt-den-VGH-Fotopreis-2025"},"name":"Julius Schien erh\u00e4lt den VGH-Fotopreis 2025","url":"https:\/\/www.hannover.de\/Service\/Presse-Medien\/Hannover.de\/Aktuelles\/Kultur-Freizeit-2025\/Julius-Schien-erh\u00e4lt-den-VGH-Fotopreis-2025"}