{"@context":"http:\/\/schema.org","@type":"Article","author":{"@type":"Organization","logo":{"@type":"ImageObject","url":"https:\/\/www.hannover.de\/build\/images\/footer-logo-black.svg"},"name":"Hannover.de"},"dateCreated":"2026-03-20T08:47:31+01:00","dateModified":"2026-03-26T10:22:55+01:00","datePublished":"2026-03-20T08:47:31+01:00","headline":"Aktionswoche \"Torffrei G\u00e4rtnern:\" So sch\u00fctzt \u201eHannoversche Gartenerde\u201c das Klima","isAccessibleForFree":true,"keywords":"Aktionswoche Torffrei G\u00e4rtnern,Torffrei G\u00e4rtnern,Moore sch\u00fctzen","publisher":{"@type":"Organization","logo":{"@type":"ImageObject","url":"https:\/\/www.hannover.de\/build\/images\/footer-logo-black.svg"},"name":"Hannover.de"},"mainEntityOfPage":{"@type":"WebPage","@id":"https:\/\/www.hannover.de\/Leben-in-der-Region-Hannover\/Verwaltungen-Kommunen\/Die-Verwaltung-der-Region-Hannover\/Pressebereich-Region-Hannover\/Aktuelle-Pressemitteilungen\/G\u00e4rtnern-ohne-Torf-\u2013-mit-Erde-aus-Hannover","breadcrumb":{"@type":"BreadcrumbList","itemListElement":[{"@type":"ListItem","item":{"@type":"WebPage","@id":"https:\/\/www.hannover.de\/","name":"Hannover.de"},"position":1},{"@type":"ListItem","item":{"@type":"WebPage","@id":"https:\/\/www.hannover.de\/Leben-in-der-Region-Hannover","name":"Leben in der Region Hannover"},"position":2},{"@type":"ListItem","item":{"@type":"WebPage","@id":"https:\/\/www.hannover.de\/Leben-in-der-Region-Hannover\/Verwaltungen-Kommunen","name":"Verwaltungen & Kommunen"},"position":3},{"@type":"ListItem","item":{"@type":"WebPage","@id":"https:\/\/www.hannover.de\/Leben-in-der-Region-Hannover\/Verwaltungen-Kommunen\/Die-Verwaltung-der-Region-Hannover","name":"Die Verwaltung der Region Hannover"},"position":4},{"@type":"ListItem","item":{"@type":"WebPage","@id":"https:\/\/www.hannover.de\/Leben-in-der-Region-Hannover\/Verwaltungen-Kommunen\/Die-Verwaltung-der-Region-Hannover\/Pressebereich-Region-Hannover","name":"Pressebereich Region Hannover"},"position":5},{"@type":"ListItem","item":{"@type":"WebPage","@id":"https:\/\/www.hannover.de\/Leben-in-der-Region-Hannover\/Verwaltungen-Kommunen\/Die-Verwaltung-der-Region-Hannover\/Pressebereich-Region-Hannover\/Aktuelle-Pressemitteilungen","name":"Aktuelle Pressemitteilungen"},"position":6},{"@type":"ListItem","item":{"@type":"WebPage","@id":"https:\/\/www.hannover.de\/Leben-in-der-Region-Hannover\/Verwaltungen-Kommunen\/Die-Verwaltung-der-Region-Hannover\/Pressebereich-Region-Hannover\/Aktuelle-Pressemitteilungen\/G\u00e4rtnern-ohne-Torf-\u2013-mit-Erde-aus-Hannover","name":"G\u00e4rtnern ohne Torf \u2013 mit Erde aus Hannover"},"position":7}],"itemListOrder":"Ascending","numberOfItems":7},"name":"Aktionswoche \"Torffrei G\u00e4rtnern:\" So sch\u00fctzt \u201eHannoversche Gartenerde\u201c das Klima","url":"https:\/\/www.hannover.de\/Leben-in-der-Region-Hannover\/Verwaltungen-Kommunen\/Die-Verwaltung-der-Region-Hannover\/Pressebereich-Region-Hannover\/Aktuelle-Pressemitteilungen\/G\u00e4rtnern-ohne-Torf-\u2013-mit-Erde-aus-Hannover"},"name":"Aktionswoche \"Torffrei G\u00e4rtnern:\" So sch\u00fctzt \u201eHannoversche Gartenerde\u201c das Klima","url":"https:\/\/www.hannover.de\/Leben-in-der-Region-Hannover\/Verwaltungen-Kommunen\/Die-Verwaltung-der-Region-Hannover\/Pressebereich-Region-Hannover\/Aktuelle-Pressemitteilungen\/G\u00e4rtnern-ohne-Torf-\u2013-mit-Erde-aus-Hannover"}