{"@context":"http:\/\/schema.org","@type":"Article","author":{"@type":"Organization","logo":{"@type":"ImageObject","url":"https:\/\/www.hannover.de\/build\/images\/footer-logo-black.svg"},"name":"Hannover.de"},"dateCreated":"2026-03-23T13:06:40+01:00","dateModified":"2026-03-23T13:06:40+01:00","datePublished":"2026-03-23T13:06:40+01:00","headline":"N\u00e4chtliche Pause f\u00fcr M\u00e4hroboter sch\u00fctzt Igel und Co.","isAccessibleForFree":true,"publisher":{"@type":"Organization","logo":{"@type":"ImageObject","url":"https:\/\/www.hannover.de\/build\/images\/footer-logo-black.svg"},"name":"Hannover.de"},"mainEntityOfPage":{"@type":"WebPage","@id":"https:\/\/www.hannover.de\/Leben-in-der-Region-Hannover\/Verwaltungen-Kommunen\/Die-Verwaltung-der-Region-Hannover\/Pressebereich-Region-Hannover\/Aktuelle-Pressemitteilungen\/N\u00e4chtliche-Pause-f\u00fcr-M\u00e4hroboter-sch\u00fctzt-Igel-und-Co","breadcrumb":{"@type":"BreadcrumbList","itemListElement":[{"@type":"ListItem","item":{"@type":"WebPage","@id":"https:\/\/www.hannover.de\/","name":"Hannover.de"},"position":1},{"@type":"ListItem","item":{"@type":"WebPage","@id":"https:\/\/www.hannover.de\/Leben-in-der-Region-Hannover","name":"Leben in der Region Hannover"},"position":2},{"@type":"ListItem","item":{"@type":"WebPage","@id":"https:\/\/www.hannover.de\/Leben-in-der-Region-Hannover\/Verwaltungen-Kommunen","name":"Verwaltungen & Kommunen"},"position":3},{"@type":"ListItem","item":{"@type":"WebPage","@id":"https:\/\/www.hannover.de\/Leben-in-der-Region-Hannover\/Verwaltungen-Kommunen\/Die-Verwaltung-der-Region-Hannover","name":"Die Verwaltung der Region Hannover"},"position":4},{"@type":"ListItem","item":{"@type":"WebPage","@id":"https:\/\/www.hannover.de\/Leben-in-der-Region-Hannover\/Verwaltungen-Kommunen\/Die-Verwaltung-der-Region-Hannover\/Pressebereich-Region-Hannover","name":"Pressebereich Region Hannover"},"position":5},{"@type":"ListItem","item":{"@type":"WebPage","@id":"https:\/\/www.hannover.de\/Leben-in-der-Region-Hannover\/Verwaltungen-Kommunen\/Die-Verwaltung-der-Region-Hannover\/Pressebereich-Region-Hannover\/Aktuelle-Pressemitteilungen","name":"Aktuelle Pressemitteilungen"},"position":6},{"@type":"ListItem","item":{"@type":"WebPage","@id":"https:\/\/www.hannover.de\/Leben-in-der-Region-Hannover\/Verwaltungen-Kommunen\/Die-Verwaltung-der-Region-Hannover\/Pressebereich-Region-Hannover\/Aktuelle-Pressemitteilungen\/N\u00e4chtliche-Pause-f\u00fcr-M\u00e4hroboter-sch\u00fctzt-Igel-und-Co","name":"N\u00e4chtliche Pause f\u00fcr M\u00e4hroboter sch\u00fctzt Igel und Co."},"position":7}],"itemListOrder":"Ascending","numberOfItems":7},"name":"N\u00e4chtliche Pause f\u00fcr M\u00e4hroboter sch\u00fctzt Igel und Co.","url":"https:\/\/www.hannover.de\/Leben-in-der-Region-Hannover\/Verwaltungen-Kommunen\/Die-Verwaltung-der-Region-Hannover\/Pressebereich-Region-Hannover\/Aktuelle-Pressemitteilungen\/N\u00e4chtliche-Pause-f\u00fcr-M\u00e4hroboter-sch\u00fctzt-Igel-und-Co"},"name":"N\u00e4chtliche Pause f\u00fcr M\u00e4hroboter sch\u00fctzt Igel und Co.","url":"https:\/\/www.hannover.de\/Leben-in-der-Region-Hannover\/Verwaltungen-Kommunen\/Die-Verwaltung-der-Region-Hannover\/Pressebereich-Region-Hannover\/Aktuelle-Pressemitteilungen\/N\u00e4chtliche-Pause-f\u00fcr-M\u00e4hroboter-sch\u00fctzt-Igel-und-Co"}