{"@context":"http:\/\/schema.org","@type":"WebPage","@id":"https:\/\/www.hannover.de\/Leben-in-der-Region-Hannover\/Soziales\/Kinder-Jugendliche\/Kinderbetreuung\/Koordinierungsstelle-Kindertagespflege\/Qualifizierung-und-Fortbildung\/Qualifizierung-f\u00fcr-p\u00e4dagogische-Fachkr\u00e4fte\/Werk-statt-Schule-e.V.-\u201e80-UE-QHB-Qualifizierung-Kindertagespflege\u201c-f\u00fcr-p\u00e4dagogische-Kr\u00e4fte","breadcrumb":{"@type":"BreadcrumbList","itemListElement":[{"@type":"ListItem","item":{"@type":"WebPage","@id":"https:\/\/www.hannover.de\/","name":"Hannover.de"},"position":1},{"@type":"ListItem","item":{"@type":"WebPage","@id":"https:\/\/www.hannover.de\/Leben-in-der-Region-Hannover","name":"Leben in der Region Hannover"},"position":2},{"@type":"ListItem","item":{"@type":"WebPage","@id":"https:\/\/www.hannover.de\/Leben-in-der-Region-Hannover\/Soziales","name":"Soziales"},"position":3},{"@type":"ListItem","item":{"@type":"WebPage","@id":"https:\/\/www.hannover.de\/Leben-in-der-Region-Hannover\/Soziales\/Kinder-Jugendliche","name":"Kinder & Jugendliche"},"position":4},{"@type":"ListItem","item":{"@type":"WebPage","@id":"https:\/\/www.hannover.de\/Leben-in-der-Region-Hannover\/Soziales\/Kinder-Jugendliche\/Kinderbetreuung","name":"Kinderbetreuung"},"position":5},{"@type":"ListItem","item":{"@type":"WebPage","@id":"https:\/\/www.hannover.de\/Leben-in-der-Region-Hannover\/Soziales\/Kinder-Jugendliche\/Kinderbetreuung\/Koordinierungsstelle-Kindertagespflege","name":"Koordinierungsstelle Kindertagespflege"},"position":6},{"@type":"ListItem","item":{"@type":"WebPage","@id":"https:\/\/www.hannover.de\/Leben-in-der-Region-Hannover\/Soziales\/Kinder-Jugendliche\/Kinderbetreuung\/Koordinierungsstelle-Kindertagespflege\/Qualifizierung-und-Fortbildung","name":"Qualifizierung und Fortbildung"},"position":7},{"@type":"ListItem","item":{"@type":"WebPage","@id":"https:\/\/www.hannover.de\/Leben-in-der-Region-Hannover\/Soziales\/Kinder-Jugendliche\/Kinderbetreuung\/Koordinierungsstelle-Kindertagespflege\/Qualifizierung-und-Fortbildung\/Qualifizierung-f\u00fcr-p\u00e4dagogische-Fachkr\u00e4fte","name":"Qualifizierung f\u00fcr p\u00e4dagogische Fachkr\u00e4fte"},"position":8},{"@type":"ListItem","item":{"@type":"WebPage","@id":"https:\/\/www.hannover.de\/Leben-in-der-Region-Hannover\/Soziales\/Kinder-Jugendliche\/Kinderbetreuung\/Koordinierungsstelle-Kindertagespflege\/Qualifizierung-und-Fortbildung\/Qualifizierung-f\u00fcr-p\u00e4dagogische-Fachkr\u00e4fte\/Werk-statt-Schule-e.V.-\u201e80-UE-QHB-Qualifizierung-Kindertagespflege\u201c-f\u00fcr-p\u00e4dagogische-Kr\u00e4fte","name":"Werk-statt-Schule e.V.: \u201e80 UE-QHB-Qualifizierung Kindertagespflege\u201c f\u00fcr p\u00e4dagogische Kr\u00e4fte"},"position":9}],"itemListOrder":"Ascending","numberOfItems":9},"name":"Werk-statt-Schule e.V.: \u201e80 UE-QHB-Qualifizierung Kindertagespflege\u201c f\u00fcr p\u00e4dagogische Kr\u00e4fte","url":"https:\/\/www.hannover.de\/Leben-in-der-Region-Hannover\/Soziales\/Kinder-Jugendliche\/Kinderbetreuung\/Koordinierungsstelle-Kindertagespflege\/Qualifizierung-und-Fortbildung\/Qualifizierung-f\u00fcr-p\u00e4dagogische-Fachkr\u00e4fte\/Werk-statt-Schule-e.V.-\u201e80-UE-QHB-Qualifizierung-Kindertagespflege\u201c-f\u00fcr-p\u00e4dagogische-Kr\u00e4fte"}