{"@context":"http:\/\/schema.org","@type":"Article","author":{"@type":"Organization","logo":{"@type":"ImageObject","url":"https:\/\/www.hannover.de\/build\/images\/footer-logo-black.svg"},"name":"Hannover.de"},"dateCreated":"2026-04-27T17:07:50+02:00","dateModified":"2026-04-29T12:02:53+02:00","datePublished":"2026-04-27T17:07:50+02:00","headline":"Noch freie Pl\u00e4tze f\u00fcr F\u00fchrungen \u201eGr\u00fcnes Hannover\u201c","isAccessibleForFree":true,"keywords":"Umwelt, F\u00fchrungen, Stadtgr\u00fcn, Natur, Eilenriede, Stadtfriedhof","publisher":{"@type":"Organization","logo":{"@type":"ImageObject","url":"https:\/\/www.hannover.de\/build\/images\/footer-logo-black.svg"},"name":"Hannover.de"},"mainEntityOfPage":{"@type":"WebPage","@id":"https:\/\/www.hannover.de\/Aus-Stadt-Region\/Noch-freie-Pl\u00e4tze-f\u00fcr-F\u00fchrungen-\u201eGr\u00fcnes-Hannover\u201c","breadcrumb":{"@type":"BreadcrumbList","itemListElement":[{"@type":"ListItem","item":{"@type":"WebPage","@id":"https:\/\/www.hannover.de\/","name":"Hannover.de"},"position":1},{"@type":"ListItem","item":{"@type":"WebPage","@id":"https:\/\/www.hannover.de\/Aus-Stadt-Region","name":"Aus Stadt & Region"},"position":2},{"@type":"ListItem","item":{"@type":"WebPage","@id":"https:\/\/www.hannover.de\/Aus-Stadt-Region\/Noch-freie-Pl\u00e4tze-f\u00fcr-F\u00fchrungen-\u201eGr\u00fcnes-Hannover\u201c","name":"Noch freie Pl\u00e4tze f\u00fcr F\u00fchrungen \u201eGr\u00fcnes Hannover\u201c"},"position":3}],"itemListOrder":"Ascending","numberOfItems":3},"name":"Noch freie Pl\u00e4tze f\u00fcr F\u00fchrungen \u201eGr\u00fcnes Hannover\u201c","url":"https:\/\/www.hannover.de\/Service\/Presse-Medien\/Landeshauptstadt-Hannover\/Aktuelle-Meldungen-und-Veranstaltungen\/Noch-freie-Pl\u00e4tze-f\u00fcr-F\u00fchrungen-\u201eGr\u00fcnes-Hannover\u201c"},"name":"Noch freie Pl\u00e4tze f\u00fcr F\u00fchrungen \u201eGr\u00fcnes Hannover\u201c","url":"https:\/\/www.hannover.de\/Service\/Presse-Medien\/Landeshauptstadt-Hannover\/Aktuelle-Meldungen-und-Veranstaltungen\/Noch-freie-Pl\u00e4tze-f\u00fcr-F\u00fchrungen-\u201eGr\u00fcnes-Hannover\u201c"}