{"@context":"http:\/\/schema.org","@type":"Article","author":{"@type":"Organization","logo":{"@type":"ImageObject","url":"https:\/\/www.hannover.de\/build\/images\/footer-logo-black.svg"},"name":"Hannover.de"},"dateCreated":"2026-08-28T17:31:38+02:00","dateModified":"2026-08-28T21:31:37+02:00","datePublished":"2026-08-28T17:31:38+02:00","headline":"Preisanpassung f\u00fcr Kleines Fest ab 2027 geplant","isAccessibleForFree":true,"publisher":{"@type":"Organization","logo":{"@type":"ImageObject","url":"https:\/\/www.hannover.de\/build\/images\/footer-logo-black.svg"},"name":"Hannover.de"},"mainEntityOfPage":{"@type":"WebPage","@id":"https:\/\/www.hannover.de\/Aus-Stadt-Region\/Preisanpassung-f\u00fcr-Kleines-Fest-ab-2027-geplant","breadcrumb":{"@type":"BreadcrumbList","itemListElement":[{"@type":"ListItem","item":{"@type":"WebPage","@id":"https:\/\/www.hannover.de\/","name":"Hannover.de"},"position":1},{"@type":"ListItem","item":{"@type":"WebPage","@id":"https:\/\/www.hannover.de\/Aus-Stadt-Region","name":"Aus Stadt & Region"},"position":2},{"@type":"ListItem","item":{"@type":"WebPage","@id":"https:\/\/www.hannover.de\/Aus-Stadt-Region\/Preisanpassung-f\u00fcr-Kleines-Fest-ab-2027-geplant","name":"Preisanpassung f\u00fcr Kleines Fest ab 2027 geplant"},"position":3}],"itemListOrder":"Ascending","numberOfItems":3},"name":"Preisanpassung f\u00fcr Kleines Fest ab 2027 geplant","url":"https:\/\/www.hannover.de\/Service\/Presse-Medien\/Landeshauptstadt-Hannover\/Aktuelle-Meldungen-und-Veranstaltungen\/Preisanpassung-f\u00fcr-Kleines-Fest-ab-2027-geplant"},"name":"Preisanpassung f\u00fcr Kleines Fest ab 2027 geplant","url":"https:\/\/www.hannover.de\/Service\/Presse-Medien\/Landeshauptstadt-Hannover\/Aktuelle-Meldungen-und-Veranstaltungen\/Preisanpassung-f\u00fcr-Kleines-Fest-ab-2027-geplant"}