{"@context":"http:\/\/schema.org","@type":"Article","author":{"@type":"Organization","logo":{"@type":"ImageObject","url":"https:\/\/www.hannover.de\/build\/images\/footer-logo-black.svg"},"name":"Hannover.de"},"dateCreated":"2025-10-08T13:53:29+02:00","dateModified":"2025-11-03T09:55:22+01:00","datePublished":"2025-10-08T13:53:29+02:00","headline":"Stadt schl\u00e4gt DESiMO als neuen k\u00fcnstlerischen Leiter f\u00fcr das Kleine Fest im Gro\u00dfen Garten vor","isAccessibleForFree":true,"keywords":"Kleine Fest im Gro\u00dfen Garten","publisher":{"@type":"Organization","logo":{"@type":"ImageObject","url":"https:\/\/www.hannover.de\/build\/images\/footer-logo-black.svg"},"name":"Hannover.de"},"mainEntityOfPage":{"@type":"WebPage","@id":"https:\/\/www.hannover.de\/Service\/Presse-Medien\/Landeshauptstadt-Hannover\/Meldungsarchiv-f\u00fcr-das-Jahr-2025\/DESiMO-als-neuer-k\u00fcnstlerischen-Leiter-des-Kleinen-Fests-best\u00e4tigt","breadcrumb":{"@type":"BreadcrumbList","itemListElement":[{"@type":"ListItem","item":{"@type":"WebPage","@id":"https:\/\/www.hannover.de\/","name":"Hannover.de"},"position":1},{"@type":"ListItem","item":{"@type":"WebPage","@id":"https:\/\/www.hannover.de\/Service","name":"Service"},"position":2},{"@type":"ListItem","item":{"@type":"WebPage","@id":"https:\/\/www.hannover.de\/Service\/Presse-Medien","name":"Presse & Medien"},"position":3},{"@type":"ListItem","item":{"@type":"WebPage","@id":"https:\/\/www.hannover.de\/Service\/Presse-Medien\/Landeshauptstadt-Hannover","name":"Landeshauptstadt Hannover"},"position":4},{"@type":"ListItem","item":{"@type":"WebPage","@id":"https:\/\/www.hannover.de\/Service\/Presse-Medien\/Landeshauptstadt-Hannover\/Meldungsarchiv-f\u00fcr-das-Jahr-2025","name":"Meldungsarchiv f\u00fcr das Jahr 2025"},"position":5},{"@type":"ListItem","item":{"@type":"WebPage","@id":"https:\/\/www.hannover.de\/Service\/Presse-Medien\/Landeshauptstadt-Hannover\/Meldungsarchiv-f\u00fcr-das-Jahr-2025\/DESiMO-als-neuer-k\u00fcnstlerischen-Leiter-des-Kleinen-Fests-best\u00e4tigt","name":"DESiMO als neuer k\u00fcnstlerischen Leiter des Kleinen Fests best\u00e4tigt"},"position":6}],"itemListOrder":"Ascending","numberOfItems":6},"name":"Stadt schl\u00e4gt DESiMO als neuen k\u00fcnstlerischen Leiter f\u00fcr das Kleine Fest im Gro\u00dfen Garten vor","url":"https:\/\/www.hannover.de\/Service\/Presse-Medien\/Landeshauptstadt-Hannover\/Meldungsarchiv-f\u00fcr-das-Jahr-2025\/DESiMO-als-neuer-k\u00fcnstlerischen-Leiter-des-Kleinen-Fests-best\u00e4tigt"},"name":"Stadt schl\u00e4gt DESiMO als neuen k\u00fcnstlerischen Leiter f\u00fcr das Kleine Fest im Gro\u00dfen Garten vor","url":"https:\/\/www.hannover.de\/Service\/Presse-Medien\/Landeshauptstadt-Hannover\/Meldungsarchiv-f\u00fcr-das-Jahr-2025\/DESiMO-als-neuer-k\u00fcnstlerischen-Leiter-des-Kleinen-Fests-best\u00e4tigt"}